{"id":846,"date":"2022-07-01T15:30:34","date_gmt":"2022-07-01T15:30:34","guid":{"rendered":"https:\/\/projekt-armut.bui.haw-hamburg.de\/?p=846"},"modified":"2022-07-03T12:23:19","modified_gmt":"2022-07-03T12:23:19","slug":"arm-und-reich-in-hamburg-wie-passt-das-zusammen","status":"publish","type":"post","link":"https:\/\/projekt-armut.bui.haw-hamburg.de\/index.php\/2022\/07\/01\/arm-und-reich-in-hamburg-wie-passt-das-zusammen\/","title":{"rendered":"Arm und Reich in Hamburg- wie passt das zusammen?"},"content":{"rendered":"\n<p>Jeden Tag begegnen wir Menschen auf der Stra\u00dfe, die f\u00fcr eine Mahlzeit betteln m\u00fcssen. Doch sie sind nur die Spitze des Eisbergs. In Hamburg lebt jedes f\u00fcnfte Kind von Hartz VI, die Armutsrisikoquote liegt \u00fcber dem bundesweiten Durchschnitt. Auch wenn viel gl\u00e4nzt in Hamburg, die Realit\u00e4t trifft viele h\u00e4rter als gedacht. Obwohl Hamburg eine der St\u00e4dte mit den meisten Verm\u00f6gensmillion\u00e4ren ist, gibt es gleichzeitig \u00fcber 190000 Hartz VI Empfangende. Der Gegensatz ist absurd.<\/p>\n\n\n\n<figure class=\"wp-block-embed is-type-rich is-provider-spotify wp-block-embed-spotify wp-embed-aspect-21-9 wp-has-aspect-ratio\"><div class=\"wp-block-embed__wrapper\">\n<div class=\"oceanwp-oembed-wrap clr\"><iframe loading=\"lazy\" title=\"Spotify Embed: 20\/20 Vision\" style=\"border-radius: 12px\" width=\"100%\" height=\"152\" frameborder=\"0\" allowfullscreen allow=\"autoplay; clipboard-write; encrypted-media; fullscreen; picture-in-picture\" src=\"https:\/\/open.spotify.com\/embed\/show\/0fa9lIXJ2sMXSaUPChIr9u?utm_source=oembed\"><\/iframe><\/div>\n<\/div><\/figure>\n\n\n\n<p>Wie kann eine Stadt so gespalten sein? Was muss passieren, damit die Gesellschaft n\u00e4her zusammenr\u00fcckt? Klaus Wicher (1. Landesvorsitzender f\u00fcr den SOVD) und Stephanie Rose (Parteimitglied der Linken und Co-Sprecherin f\u00fcr Veddel\/ Wilhelmsburg) im Gespr\u00e4ch in unserem Podcast:<\/p>\n","protected":false},"excerpt":{"rendered":"<p>Jeden Tag begegnen wir Menschen auf der Stra\u00dfe, die f\u00fcr eine Mahlzeit betteln m\u00fcssen. Doch sie sind nur die Spitze des Eisbergs. In Hamburg lebt jedes f\u00fcnfte Kind von Hartz VI, die Armutsrisikoquote liegt \u00fcber dem bundesweiten Durchschnitt. Auch wenn viel gl\u00e4nzt in Hamburg, die Realit\u00e4t trifft viele h\u00e4rter als gedacht. Obwohl Hamburg eine der [&hellip;]<\/p>\n","protected":false},"author":34,"featured_media":869,"comment_status":"open","ping_status":"open","sticky":false,"template":"","format":"standard","meta":{"footnotes":""},"categories":[1],"tags":[],"class_list":["post-846","post","type-post","status-publish","format-standard","has-post-thumbnail","hentry","category-uncategorized","entry","has-media"],"yoast_head":"<!-- This site is optimized with the Yoast SEO plugin v19.4 - https:\/\/yoast.com\/wordpress\/plugins\/seo\/ -->\n<title>Arm und Reich in Hamburg- wie passt das zusammen? - Armut in Hamburg<\/title>\n<meta name=\"description\" content=\"In unserem Podcast 20\/20 Vision geht es heute um: Armut. Warum ist Hamburg so gespalten? Zwei Expert*innen im Gespr\u00e4ch.\" \/>\n<meta name=\"robots\" content=\"index, follow, max-snippet:-1, max-image-preview:large, max-video-preview:-1\" \/>\n<link rel=\"canonical\" href=\"https:\/\/projekt-armut.bui.haw-hamburg.de\/index.php\/2022\/07\/01\/arm-und-reich-in-hamburg-wie-passt-das-zusammen\/\" \/>\n<meta property=\"og:locale\" content=\"en_US\" \/>\n<meta property=\"og:type\" content=\"article\" \/>\n<meta property=\"og:title\" content=\"Arm und Reich in Hamburg- wie passt das zusammen? - Armut in Hamburg\" \/>\n<meta property=\"og:description\" content=\"In unserem Podcast 20\/20 Vision geht es heute um: Armut. Warum ist Hamburg so gespalten? Zwei Expert*innen im Gespr\u00e4ch.\" \/>\n<meta property=\"og:url\" content=\"https:\/\/projekt-armut.bui.haw-hamburg.de\/index.php\/2022\/07\/01\/arm-und-reich-in-hamburg-wie-passt-das-zusammen\/\" \/>\n<meta property=\"og:site_name\" content=\"Armut in Hamburg\" \/>\n<meta property=\"article:published_time\" content=\"2022-07-01T15:30:34+00:00\" \/>\n<meta property=\"article:modified_time\" content=\"2022-07-03T12:23:19+00:00\" \/>\n<meta property=\"og:image\" content=\"https:\/\/projekt-armut.bui.haw-hamburg.de\/wp-content\/uploads\/2022\/07\/Cover-scaled.jpg\" \/>\n\t<meta property=\"og:image:width\" content=\"2560\" \/>\n\t<meta property=\"og:image:height\" content=\"2560\" \/>\n\t<meta property=\"og:image:type\" content=\"image\/jpeg\" \/>\n<meta name=\"author\" content=\"Jasmin Baghiana\" \/>\n<meta name=\"twitter:card\" content=\"summary_large_image\" \/>\n<meta name=\"twitter:label1\" content=\"Written by\" \/>\n\t<meta name=\"twitter:data1\" content=\"Jasmin Baghiana\" \/>\n\t<meta name=\"twitter:label2\" content=\"Est. reading time\" \/>\n\t<meta name=\"twitter:data2\" content=\"1 minute\" \/>\n<script type=\"application\/ld+json\" class=\"yoast-schema-graph\">{\"@context\":\"https:\/\/schema.org\",\"@graph\":[{\"@type\":\"WebSite\",\"@id\":\"https:\/\/projekt-armut.bui.haw-hamburg.de\/#website\",\"url\":\"https:\/\/projekt-armut.bui.haw-hamburg.de\/\",\"name\":\"Armut in Hamburg\",\"description\":\"Ein Projekt der HAW Hamburg\",\"potentialAction\":[{\"@type\":\"SearchAction\",\"target\":{\"@type\":\"EntryPoint\",\"urlTemplate\":\"https:\/\/projekt-armut.bui.haw-hamburg.de\/?s={search_term_string}\"},\"query-input\":\"required name=search_term_string\"}],\"inLanguage\":\"en-US\"},{\"@type\":\"WebPage\",\"@id\":\"https:\/\/projekt-armut.bui.haw-hamburg.de\/index.php\/2022\/07\/01\/arm-und-reich-in-hamburg-wie-passt-das-zusammen\/\",\"url\":\"https:\/\/projekt-armut.bui.haw-hamburg.de\/index.php\/2022\/07\/01\/arm-und-reich-in-hamburg-wie-passt-das-zusammen\/\",\"name\":\"Arm und Reich in Hamburg- wie passt das zusammen? - Armut in Hamburg\",\"isPartOf\":{\"@id\":\"https:\/\/projekt-armut.bui.haw-hamburg.de\/#website\"},\"datePublished\":\"2022-07-01T15:30:34+00:00\",\"dateModified\":\"2022-07-03T12:23:19+00:00\",\"author\":{\"@id\":\"https:\/\/projekt-armut.bui.haw-hamburg.de\/#\/schema\/person\/488bb0854be700d3dc854bf8f766378b\"},\"description\":\"In unserem Podcast 20\/20 Vision geht es heute um: Armut. Warum ist Hamburg so gespalten? Zwei Expert*innen im Gespr\u00e4ch.\",\"breadcrumb\":{\"@id\":\"https:\/\/projekt-armut.bui.haw-hamburg.de\/index.php\/2022\/07\/01\/arm-und-reich-in-hamburg-wie-passt-das-zusammen\/#breadcrumb\"},\"inLanguage\":\"en-US\",\"potentialAction\":[{\"@type\":\"ReadAction\",\"target\":[\"https:\/\/projekt-armut.bui.haw-hamburg.de\/index.php\/2022\/07\/01\/arm-und-reich-in-hamburg-wie-passt-das-zusammen\/\"]}]},{\"@type\":\"BreadcrumbList\",\"@id\":\"https:\/\/projekt-armut.bui.haw-hamburg.de\/index.php\/2022\/07\/01\/arm-und-reich-in-hamburg-wie-passt-das-zusammen\/#breadcrumb\",\"itemListElement\":[{\"@type\":\"ListItem\",\"position\":1,\"name\":\"Home\",\"item\":\"https:\/\/projekt-armut.bui.haw-hamburg.de\/\"},{\"@type\":\"ListItem\",\"position\":2,\"name\":\"Arm und Reich in Hamburg- wie passt das zusammen?\"}]},{\"@type\":\"Person\",\"@id\":\"https:\/\/projekt-armut.bui.haw-hamburg.de\/#\/schema\/person\/488bb0854be700d3dc854bf8f766378b\",\"name\":\"Jasmin Baghiana\",\"image\":{\"@type\":\"ImageObject\",\"inLanguage\":\"en-US\",\"@id\":\"https:\/\/projekt-armut.bui.haw-hamburg.de\/#\/schema\/person\/image\/\",\"url\":\"https:\/\/secure.gravatar.com\/avatar\/cd80f9807b5d87d1aa337166f402d5319a0145df3e84fd5f979f08f41558bd29?s=96&d=mm&r=g\",\"contentUrl\":\"https:\/\/secure.gravatar.com\/avatar\/cd80f9807b5d87d1aa337166f402d5319a0145df3e84fd5f979f08f41558bd29?s=96&d=mm&r=g\",\"caption\":\"Jasmin Baghiana\"},\"url\":\"https:\/\/projekt-armut.bui.haw-hamburg.de\/index.php\/author\/jasmin-baghiana\/\"}]}<\/script>\n<!-- \/ Yoast SEO plugin. -->","yoast_head_json":{"title":"Arm und Reich in Hamburg- wie passt das zusammen? - Armut in Hamburg","description":"In unserem Podcast 20\/20 Vision geht es heute um: Armut. Warum ist Hamburg so gespalten? Zwei Expert*innen im Gespr\u00e4ch.","robots":{"index":"index","follow":"follow","max-snippet":"max-snippet:-1","max-image-preview":"max-image-preview:large","max-video-preview":"max-video-preview:-1"},"canonical":"https:\/\/projekt-armut.bui.haw-hamburg.de\/index.php\/2022\/07\/01\/arm-und-reich-in-hamburg-wie-passt-das-zusammen\/","og_locale":"en_US","og_type":"article","og_title":"Arm und Reich in Hamburg- wie passt das zusammen? - Armut in Hamburg","og_description":"In unserem Podcast 20\/20 Vision geht es heute um: Armut. Warum ist Hamburg so gespalten? Zwei Expert*innen im Gespr\u00e4ch.","og_url":"https:\/\/projekt-armut.bui.haw-hamburg.de\/index.php\/2022\/07\/01\/arm-und-reich-in-hamburg-wie-passt-das-zusammen\/","og_site_name":"Armut in Hamburg","article_published_time":"2022-07-01T15:30:34+00:00","article_modified_time":"2022-07-03T12:23:19+00:00","og_image":[{"width":2560,"height":2560,"url":"https:\/\/projekt-armut.bui.haw-hamburg.de\/wp-content\/uploads\/2022\/07\/Cover-scaled.jpg","type":"image\/jpeg"}],"author":"Jasmin Baghiana","twitter_card":"summary_large_image","twitter_misc":{"Written by":"Jasmin Baghiana","Est. reading time":"1 minute"},"schema":{"@context":"https:\/\/schema.org","@graph":[{"@type":"WebSite","@id":"https:\/\/projekt-armut.bui.haw-hamburg.de\/#website","url":"https:\/\/projekt-armut.bui.haw-hamburg.de\/","name":"Armut in Hamburg","description":"Ein Projekt der HAW Hamburg","potentialAction":[{"@type":"SearchAction","target":{"@type":"EntryPoint","urlTemplate":"https:\/\/projekt-armut.bui.haw-hamburg.de\/?s={search_term_string}"},"query-input":"required name=search_term_string"}],"inLanguage":"en-US"},{"@type":"WebPage","@id":"https:\/\/projekt-armut.bui.haw-hamburg.de\/index.php\/2022\/07\/01\/arm-und-reich-in-hamburg-wie-passt-das-zusammen\/","url":"https:\/\/projekt-armut.bui.haw-hamburg.de\/index.php\/2022\/07\/01\/arm-und-reich-in-hamburg-wie-passt-das-zusammen\/","name":"Arm und Reich in Hamburg- wie passt das zusammen? - Armut in Hamburg","isPartOf":{"@id":"https:\/\/projekt-armut.bui.haw-hamburg.de\/#website"},"datePublished":"2022-07-01T15:30:34+00:00","dateModified":"2022-07-03T12:23:19+00:00","author":{"@id":"https:\/\/projekt-armut.bui.haw-hamburg.de\/#\/schema\/person\/488bb0854be700d3dc854bf8f766378b"},"description":"In unserem Podcast 20\/20 Vision geht es heute um: Armut. Warum ist Hamburg so gespalten? Zwei Expert*innen im Gespr\u00e4ch.","breadcrumb":{"@id":"https:\/\/projekt-armut.bui.haw-hamburg.de\/index.php\/2022\/07\/01\/arm-und-reich-in-hamburg-wie-passt-das-zusammen\/#breadcrumb"},"inLanguage":"en-US","potentialAction":[{"@type":"ReadAction","target":["https:\/\/projekt-armut.bui.haw-hamburg.de\/index.php\/2022\/07\/01\/arm-und-reich-in-hamburg-wie-passt-das-zusammen\/"]}]},{"@type":"BreadcrumbList","@id":"https:\/\/projekt-armut.bui.haw-hamburg.de\/index.php\/2022\/07\/01\/arm-und-reich-in-hamburg-wie-passt-das-zusammen\/#breadcrumb","itemListElement":[{"@type":"ListItem","position":1,"name":"Home","item":"https:\/\/projekt-armut.bui.haw-hamburg.de\/"},{"@type":"ListItem","position":2,"name":"Arm und Reich in Hamburg- wie passt das zusammen?"}]},{"@type":"Person","@id":"https:\/\/projekt-armut.bui.haw-hamburg.de\/#\/schema\/person\/488bb0854be700d3dc854bf8f766378b","name":"Jasmin Baghiana","image":{"@type":"ImageObject","inLanguage":"en-US","@id":"https:\/\/projekt-armut.bui.haw-hamburg.de\/#\/schema\/person\/image\/","url":"https:\/\/secure.gravatar.com\/avatar\/cd80f9807b5d87d1aa337166f402d5319a0145df3e84fd5f979f08f41558bd29?s=96&d=mm&r=g","contentUrl":"https:\/\/secure.gravatar.com\/avatar\/cd80f9807b5d87d1aa337166f402d5319a0145df3e84fd5f979f08f41558bd29?s=96&d=mm&r=g","caption":"Jasmin Baghiana"},"url":"https:\/\/projekt-armut.bui.haw-hamburg.de\/index.php\/author\/jasmin-baghiana\/"}]}},"_links":{"self":[{"href":"https:\/\/projekt-armut.bui.haw-hamburg.de\/index.php\/wp-json\/wp\/v2\/posts\/846","targetHints":{"allow":["GET"]}}],"collection":[{"href":"https:\/\/projekt-armut.bui.haw-hamburg.de\/index.php\/wp-json\/wp\/v2\/posts"}],"about":[{"href":"https:\/\/projekt-armut.bui.haw-hamburg.de\/index.php\/wp-json\/wp\/v2\/types\/post"}],"author":[{"embeddable":true,"href":"https:\/\/projekt-armut.bui.haw-hamburg.de\/index.php\/wp-json\/wp\/v2\/users\/34"}],"replies":[{"embeddable":true,"href":"https:\/\/projekt-armut.bui.haw-hamburg.de\/index.php\/wp-json\/wp\/v2\/comments?post=846"}],"version-history":[{"count":4,"href":"https:\/\/projekt-armut.bui.haw-hamburg.de\/index.php\/wp-json\/wp\/v2\/posts\/846\/revisions"}],"predecessor-version":[{"id":870,"href":"https:\/\/projekt-armut.bui.haw-hamburg.de\/index.php\/wp-json\/wp\/v2\/posts\/846\/revisions\/870"}],"wp:featuredmedia":[{"embeddable":true,"href":"https:\/\/projekt-armut.bui.haw-hamburg.de\/index.php\/wp-json\/wp\/v2\/media\/869"}],"wp:attachment":[{"href":"https:\/\/projekt-armut.bui.haw-hamburg.de\/index.php\/wp-json\/wp\/v2\/media?parent=846"}],"wp:term":[{"taxonomy":"category","embeddable":true,"href":"https:\/\/projekt-armut.bui.haw-hamburg.de\/index.php\/wp-json\/wp\/v2\/categories?post=846"},{"taxonomy":"post_tag","embeddable":true,"href":"https:\/\/projekt-armut.bui.haw-hamburg.de\/index.php\/wp-json\/wp\/v2\/tags?post=846"}],"curies":[{"name":"wp","href":"https:\/\/api.w.org\/{rel}","templated":true}]}}